{"id":270332,"date":"2024-04-08T18:53:06","date_gmt":"2024-04-08T16:53:06","guid":{"rendered":"https:\/\/staging.laboklin.com\/labogen\/labogen_wp\/index.php\/2024\/04\/08\/test-genetique-pour-gucy2d-pra-chez-le-spitz\/"},"modified":"2024-09-24T15:52:11","modified_gmt":"2024-09-24T13:52:11","slug":"test-genetique-pour-gucy2d-pra-chez-le-spitz","status":"publish","type":"post","link":"https:\/\/labogen.com\/fr\/2024\/04\/08\/test-genetique-pour-gucy2d-pra-chez-le-spitz\/","title":{"rendered":"Test g\u00e9n\u00e9tique pour GUCY2D-PRA chez le spitz"},"content":{"rendered":"\t\t<div data-elementor-type=\"wp-post\" data-elementor-id=\"270332\" class=\"elementor elementor-270332 elementor-7050\">\n\t\t\t\t<div class=\"elementor-element elementor-element-a680706 e-flex e-con-boxed e-con e-parent\" data-id=\"a680706\" data-element_type=\"container\">\n\t\t\t\t\t<div class=\"e-con-inner\">\n\t\t\t\t<div class=\"elementor-element elementor-element-5f64646a elementor-widget elementor-widget-text-editor\" data-id=\"5f64646a\" data-element_type=\"widget\" data-widget_type=\"text-editor.default\">\n\t\t\t\t<div class=\"elementor-widget-container\">\n\t\t\t\t\t\t\t<h2>Test g\u00e9n\u00e9tique pour GUCY2D-PRA chez le spitz<\/h2>\n<div class=\"x11i5rnm xat24cr x1mh8g0r x1vvkbs xtlvy1s x126k92a\">\n<p>L&rsquo;atrophie r\u00e9tinienne progressive (ARP) d\u00e9signe un groupe de troubles h\u00e9r\u00e9ditaires des photor\u00e9cepteurs de la r\u00e9tine, caus\u00e9s par diff\u00e9rentes mutations chez diff\u00e9rentes races de chiens.<\/p>\n<p>On distingue les modifications d\u00e9g\u00e9n\u00e9ratives qui se d\u00e9veloppent tardivement des troubles dysplasiques qui se manifestent cliniquement d\u00e8s l&rsquo;\u00e2ge de chiot. Hormis l&rsquo;\u00e2ge auquel la maladie se manifeste, les sympt\u00f4mes cliniques et ophtalmologiques sont similaires. Les chiens atteints pr\u00e9sentent une mydriase bilat\u00e9rale, le tapetum lucidum est plus r\u00e9fl\u00e9chissant et le r\u00e9seau vasculaire r\u00e9tinien semble atrophique.<\/p>\n<p>Une variante g\u00e9n\u00e9tique du g\u00e8ne GUCY2D peut \u00eatre associ\u00e9e \u00e0 une forme pr\u00e9coce de PRA chez le Spitz. Les chiens atteints pr\u00e9sentent une vision r\u00e9duite d\u00e8s l&rsquo;\u00e2ge de 3 mois, aussi bien \u00e0 la lumi\u00e8re du jour que de la nuit. Ils ont une papille p\u00e2le, le nombre de vaisseaux sanguins r\u00e9tiniens est l\u00e9g\u00e8rement r\u00e9duit et certains chiots atteints souffrent \u00e9galement de nystagmus (tremblement des yeux). Alors que la fonction des photor\u00e9cepteurs est d\u00e9j\u00e0 fortement alt\u00e9r\u00e9e, voire compl\u00e8tement perturb\u00e9e, \u00e0 l&rsquo;\u00e2ge de quelques mois, la structure r\u00e9tinienne semble initialement bien pr\u00e9serv\u00e9e. Ce n&rsquo;est que chez les chiens \u00e2g\u00e9s atteints que l&rsquo;on peut observer un l\u00e9ger amincissement de la r\u00e9tine.<\/p>\n<\/div>\n\t\t\t\t\t\t<\/div>\n\t\t\t\t<\/div>\n\t\t\t\t\t<\/div>\n\t\t\t\t<\/div>\n\t\t<div class=\"elementor-element elementor-element-da4841a e-flex e-con-boxed e-con e-parent\" data-id=\"da4841a\" data-element_type=\"container\">\n\t\t\t\t\t<div class=\"e-con-inner\">\n\t\t<div class=\"elementor-element elementor-element-2006d8f e-con-full e-flex e-con e-child\" data-id=\"2006d8f\" data-element_type=\"container\">\n\t\t\t\t<div class=\"elementor-element elementor-element-99a202c elementor-align-center elementor-widget elementor-widget-ibutton\" data-id=\"99a202c\" data-element_type=\"widget\" data-widget_type=\"ibutton.default\">\n\t\t\t\t<div class=\"elementor-widget-container\">\n\t\t\t\t\t<div class=\"ot-button\">\r\n\t\t\t<a href=\"https:\/\/labogen.com\/fr\/maladies-hereditaires\/\" class=\"octf-btn octf-btn-dark\">Pour plus d'informations, cliquez ici<\/a>\r\n\t    <\/div>\r\n\t    \t\t<\/div>\n\t\t\t\t<\/div>\n\t\t\t\t<\/div>\n\t\t<div class=\"elementor-element elementor-element-f1dd769 e-con-full e-flex e-con e-child\" data-id=\"f1dd769\" data-element_type=\"container\">\n\t\t\t\t<div class=\"elementor-element elementor-element-c0472d5 elementor-align-center elementor-widget elementor-widget-ibutton\" data-id=\"c0472d5\" data-element_type=\"widget\" data-widget_type=\"ibutton.default\">\n\t\t\t\t<div class=\"elementor-widget-container\">\n\t\t\t\t\t<div class=\"ot-button\">\r\n\t\t\t<a href=\"https:\/\/shop.labogen.com\/\" class=\"octf-btn octf-btn-dark\">Commandez maintenant<\/a>\r\n\t    <\/div>\r\n\t    \t\t<\/div>\n\t\t\t\t<\/div>\n\t\t\t\t<\/div>\n\t\t\t\t\t<\/div>\n\t\t\t\t<\/div>\n\t\t\t\t<\/div>\n\t\t","protected":false},"excerpt":{"rendered":"<p>L&rsquo;atrophie r\u00e9tinienne progressive (ARP) est un groupe de troubles h\u00e9r\u00e9ditaires des photor\u00e9cepteurs de la&#8230;<\/p>\n","protected":false},"author":5,"featured_media":8651,"comment_status":"closed","ping_status":"closed","sticky":false,"template":"","format":"standard","meta":{"footnotes":""},"categories":[154],"tags":[156,155],"class_list":["post-270332","post","type-post","status-publish","format-standard","has-post-thumbnail","hentry","category-chien","tag-chien","tag-test-genetique"],"_links":{"self":[{"href":"https:\/\/labogen.com\/fr\/wp-json\/wp\/v2\/posts\/270332","targetHints":{"allow":["GET"]}}],"collection":[{"href":"https:\/\/labogen.com\/fr\/wp-json\/wp\/v2\/posts"}],"about":[{"href":"https:\/\/labogen.com\/fr\/wp-json\/wp\/v2\/types\/post"}],"author":[{"embeddable":true,"href":"https:\/\/labogen.com\/fr\/wp-json\/wp\/v2\/users\/5"}],"replies":[{"embeddable":true,"href":"https:\/\/labogen.com\/fr\/wp-json\/wp\/v2\/comments?post=270332"}],"version-history":[{"count":1,"href":"https:\/\/labogen.com\/fr\/wp-json\/wp\/v2\/posts\/270332\/revisions"}],"predecessor-version":[{"id":270333,"href":"https:\/\/labogen.com\/fr\/wp-json\/wp\/v2\/posts\/270332\/revisions\/270333"}],"wp:featuredmedia":[{"embeddable":true,"href":"https:\/\/labogen.com\/fr\/wp-json\/wp\/v2\/media\/8651"}],"wp:attachment":[{"href":"https:\/\/labogen.com\/fr\/wp-json\/wp\/v2\/media?parent=270332"}],"wp:term":[{"taxonomy":"category","embeddable":true,"href":"https:\/\/labogen.com\/fr\/wp-json\/wp\/v2\/categories?post=270332"},{"taxonomy":"post_tag","embeddable":true,"href":"https:\/\/labogen.com\/fr\/wp-json\/wp\/v2\/tags?post=270332"}],"curies":[{"name":"wp","href":"https:\/\/api.w.org\/{rel}","templated":true}]}}